{"id":2001,"date":"2019-06-06T19:48:37","date_gmt":"2019-06-06T17:48:37","guid":{"rendered":"https:\/\/www.pruebas.hgdevelopers.com\/?p=2001"},"modified":"2019-09-09T19:49:43","modified_gmt":"2019-09-09T17:49:43","slug":"pleno-txiki","status":"publish","type":"post","link":"https:\/\/www.colegiosanpelayo.es\/en\/pleno-txiki\/","title":{"rendered":"Pleno Txiki"},"content":{"rendered":"<p>Hoy, jueves, se celebra una nueva edici\u00f3n del Pleno Txiki. La iniciativa, enmarcada dentro del programa Agenda 21 Escolar del a\u00f1o 2019, tendr\u00e1 como tema principal los residuos.<br \/>\nDurante este curso escolar, el alumnado ha trabajado el tema de los residuos, con la colaboraci\u00f3n del Ayuntamiento de Ermua, la Mancomunidad Comarcal de Debabarrena, Ingurugela y la Agencia de Desarrollo Comarcal Debegesa. La iniciativa cuenta adem\u00e1s con el apoyo del Gobierno Vasco.<\/p>\n<p>Para tratar el tema de los residuos, los alumnos\/as han realizado diferentes actividades, entre los que destacan la mejora en la clasificaci\u00f3n de diferentes residuos y el estudio de las tasas de reciclaje de la comarca.<\/p>\n","protected":false},"excerpt":{"rendered":"<p>Hoy, jueves, se celebra una nueva edici\u00f3n del Pleno Txiki. La iniciativa, enmarcada dentro del programa Agenda 21 Escolar del a\u00f1o 2019, tendr\u00e1 como tema principal los residuos. Durante este curso escolar, el alumnado ha trabajado el tema de los residuos, con la colaboraci\u00f3n del Ayuntamiento de Ermua, la Mancomunidad Comarcal de Debabarrena, Ingurugela y&hellip;<\/p>\n","protected":false},"author":1,"featured_media":2002,"comment_status":"open","ping_status":"open","sticky":false,"template":"","format":"standard","meta":[],"categories":[20],"tags":[],"yoast_head":"<!-- This site is optimized with the Yoast SEO plugin v21.0 - https:\/\/yoast.com\/wordpress\/plugins\/seo\/ -->\n<title>Pleno Txiki - Colegio San Pelayo Ikastetxea<\/title>\n<meta name=\"robots\" content=\"index, follow, max-snippet:-1, max-image-preview:large, max-video-preview:-1\" \/>\n<link rel=\"canonical\" href=\"https:\/\/www.colegiosanpelayo.es\/pleno-txiki\/\" \/>\n<meta property=\"og:locale\" content=\"en_US\" \/>\n<meta property=\"og:type\" content=\"article\" \/>\n<meta property=\"og:title\" content=\"Pleno Txiki - Colegio San Pelayo Ikastetxea\" \/>\n<meta property=\"og:description\" content=\"Hoy, jueves, se celebra una nueva edici\u00f3n del Pleno Txiki. La iniciativa, enmarcada dentro del programa Agenda 21 Escolar del a\u00f1o 2019, tendr\u00e1 como tema principal los residuos. Durante este curso escolar, el alumnado ha trabajado el tema de los residuos, con la colaboraci\u00f3n del Ayuntamiento de Ermua, la Mancomunidad Comarcal de Debabarrena, Ingurugela y&hellip;\" \/>\n<meta property=\"og:url\" content=\"https:\/\/www.colegiosanpelayo.es\/pleno-txiki\/\" \/>\n<meta property=\"og:site_name\" content=\"Colegio San Pelayo Ikastetxea\" \/>\n<meta property=\"article:published_time\" content=\"2019-06-06T17:48:37+00:00\" \/>\n<meta property=\"article:modified_time\" content=\"2019-09-09T17:49:43+00:00\" \/>\n<meta property=\"og:image\" content=\"https:\/\/www.colegiosanpelayo.es\/wp-content\/uploads\/2019\/09\/WhatsApp-Image-2019-06-06-at-11.26.17.jpeg\" \/>\n\t<meta property=\"og:image:width\" content=\"320\" \/>\n\t<meta property=\"og:image:height\" content=\"240\" \/>\n\t<meta property=\"og:image:type\" content=\"image\/jpeg\" \/>\n<meta name=\"author\" content=\"hgadmin\" \/>\n<meta name=\"twitter:card\" content=\"summary_large_image\" \/>\n<meta name=\"twitter:label1\" content=\"Written by\" \/>\n\t<meta name=\"twitter:data1\" content=\"hgadmin\" \/>\n\t<meta name=\"twitter:label2\" content=\"Est. reading time\" \/>\n\t<meta name=\"twitter:data2\" content=\"1 minute\" \/>\n<script type=\"application\/ld+json\" class=\"yoast-schema-graph\">{\"@context\":\"https:\/\/schema.org\",\"@graph\":[{\"@type\":\"WebPage\",\"@id\":\"https:\/\/www.colegiosanpelayo.es\/pleno-txiki\/\",\"url\":\"https:\/\/www.colegiosanpelayo.es\/pleno-txiki\/\",\"name\":\"Pleno Txiki - Colegio San Pelayo Ikastetxea\",\"isPartOf\":{\"@id\":\"https:\/\/www.colegiosanpelayo.es\/#website\"},\"datePublished\":\"2019-06-06T17:48:37+00:00\",\"dateModified\":\"2019-09-09T17:49:43+00:00\",\"author\":{\"@id\":\"https:\/\/www.colegiosanpelayo.es\/#\/schema\/person\/3f50db290b110ecfbfff36a08ddd3be1\"},\"breadcrumb\":{\"@id\":\"https:\/\/www.colegiosanpelayo.es\/pleno-txiki\/#breadcrumb\"},\"inLanguage\":\"en-US\",\"potentialAction\":[{\"@type\":\"ReadAction\",\"target\":[\"https:\/\/www.colegiosanpelayo.es\/pleno-txiki\/\"]}]},{\"@type\":\"BreadcrumbList\",\"@id\":\"https:\/\/www.colegiosanpelayo.es\/pleno-txiki\/#breadcrumb\",\"itemListElement\":[{\"@type\":\"ListItem\",\"position\":1,\"name\":\"Portada\",\"item\":\"https:\/\/www.colegiosanpelayo.es\/\"},{\"@type\":\"ListItem\",\"position\":2,\"name\":\"Pleno Txiki\"}]},{\"@type\":\"WebSite\",\"@id\":\"https:\/\/www.colegiosanpelayo.es\/#website\",\"url\":\"https:\/\/www.colegiosanpelayo.es\/\",\"name\":\"Colegio San Pelayo Ikastetxea\",\"description\":\"Aprendizaje Ubicuo y Personalizado\",\"potentialAction\":[{\"@type\":\"SearchAction\",\"target\":{\"@type\":\"EntryPoint\",\"urlTemplate\":\"https:\/\/www.colegiosanpelayo.es\/?s={search_term_string}\"},\"query-input\":\"required name=search_term_string\"}],\"inLanguage\":\"en-US\"},{\"@type\":\"Person\",\"@id\":\"https:\/\/www.colegiosanpelayo.es\/#\/schema\/person\/3f50db290b110ecfbfff36a08ddd3be1\",\"name\":\"hgadmin\",\"image\":{\"@type\":\"ImageObject\",\"inLanguage\":\"en-US\",\"@id\":\"https:\/\/www.colegiosanpelayo.es\/#\/schema\/person\/image\/\",\"url\":\"https:\/\/secure.gravatar.com\/avatar\/5763a2d733eec891642a115e8f13581f?s=96&d=mm&r=g\",\"contentUrl\":\"https:\/\/secure.gravatar.com\/avatar\/5763a2d733eec891642a115e8f13581f?s=96&d=mm&r=g\",\"caption\":\"hgadmin\"},\"url\":\"https:\/\/www.colegiosanpelayo.es\/en\/author\/hguser\/\"}]}<\/script>\n<!-- \/ Yoast SEO plugin. -->","yoast_head_json":{"title":"Pleno Txiki - Colegio San Pelayo Ikastetxea","robots":{"index":"index","follow":"follow","max-snippet":"max-snippet:-1","max-image-preview":"max-image-preview:large","max-video-preview":"max-video-preview:-1"},"canonical":"https:\/\/www.colegiosanpelayo.es\/pleno-txiki\/","og_locale":"en_US","og_type":"article","og_title":"Pleno Txiki - Colegio San Pelayo Ikastetxea","og_description":"Hoy, jueves, se celebra una nueva edici\u00f3n del Pleno Txiki. La iniciativa, enmarcada dentro del programa Agenda 21 Escolar del a\u00f1o 2019, tendr\u00e1 como tema principal los residuos. Durante este curso escolar, el alumnado ha trabajado el tema de los residuos, con la colaboraci\u00f3n del Ayuntamiento de Ermua, la Mancomunidad Comarcal de Debabarrena, Ingurugela y&hellip;","og_url":"https:\/\/www.colegiosanpelayo.es\/pleno-txiki\/","og_site_name":"Colegio San Pelayo Ikastetxea","article_published_time":"2019-06-06T17:48:37+00:00","article_modified_time":"2019-09-09T17:49:43+00:00","og_image":[{"width":320,"height":240,"url":"https:\/\/www.colegiosanpelayo.es\/wp-content\/uploads\/2019\/09\/WhatsApp-Image-2019-06-06-at-11.26.17.jpeg","type":"image\/jpeg"}],"author":"hgadmin","twitter_card":"summary_large_image","twitter_misc":{"Written by":"hgadmin","Est. reading time":"1 minute"},"schema":{"@context":"https:\/\/schema.org","@graph":[{"@type":"WebPage","@id":"https:\/\/www.colegiosanpelayo.es\/pleno-txiki\/","url":"https:\/\/www.colegiosanpelayo.es\/pleno-txiki\/","name":"Pleno Txiki - Colegio San Pelayo Ikastetxea","isPartOf":{"@id":"https:\/\/www.colegiosanpelayo.es\/#website"},"datePublished":"2019-06-06T17:48:37+00:00","dateModified":"2019-09-09T17:49:43+00:00","author":{"@id":"https:\/\/www.colegiosanpelayo.es\/#\/schema\/person\/3f50db290b110ecfbfff36a08ddd3be1"},"breadcrumb":{"@id":"https:\/\/www.colegiosanpelayo.es\/pleno-txiki\/#breadcrumb"},"inLanguage":"en-US","potentialAction":[{"@type":"ReadAction","target":["https:\/\/www.colegiosanpelayo.es\/pleno-txiki\/"]}]},{"@type":"BreadcrumbList","@id":"https:\/\/www.colegiosanpelayo.es\/pleno-txiki\/#breadcrumb","itemListElement":[{"@type":"ListItem","position":1,"name":"Portada","item":"https:\/\/www.colegiosanpelayo.es\/"},{"@type":"ListItem","position":2,"name":"Pleno Txiki"}]},{"@type":"WebSite","@id":"https:\/\/www.colegiosanpelayo.es\/#website","url":"https:\/\/www.colegiosanpelayo.es\/","name":"Colegio San Pelayo Ikastetxea","description":"Aprendizaje Ubicuo y Personalizado","potentialAction":[{"@type":"SearchAction","target":{"@type":"EntryPoint","urlTemplate":"https:\/\/www.colegiosanpelayo.es\/?s={search_term_string}"},"query-input":"required name=search_term_string"}],"inLanguage":"en-US"},{"@type":"Person","@id":"https:\/\/www.colegiosanpelayo.es\/#\/schema\/person\/3f50db290b110ecfbfff36a08ddd3be1","name":"hgadmin","image":{"@type":"ImageObject","inLanguage":"en-US","@id":"https:\/\/www.colegiosanpelayo.es\/#\/schema\/person\/image\/","url":"https:\/\/secure.gravatar.com\/avatar\/5763a2d733eec891642a115e8f13581f?s=96&d=mm&r=g","contentUrl":"https:\/\/secure.gravatar.com\/avatar\/5763a2d733eec891642a115e8f13581f?s=96&d=mm&r=g","caption":"hgadmin"},"url":"https:\/\/www.colegiosanpelayo.es\/en\/author\/hguser\/"}]}},"jetpack_featured_media_url":"https:\/\/www.colegiosanpelayo.es\/wp-content\/uploads\/2019\/09\/WhatsApp-Image-2019-06-06-at-11.26.17.jpeg","_links":{"self":[{"href":"https:\/\/www.colegiosanpelayo.es\/en\/wp-json\/wp\/v2\/posts\/2001"}],"collection":[{"href":"https:\/\/www.colegiosanpelayo.es\/en\/wp-json\/wp\/v2\/posts"}],"about":[{"href":"https:\/\/www.colegiosanpelayo.es\/en\/wp-json\/wp\/v2\/types\/post"}],"author":[{"embeddable":true,"href":"https:\/\/www.colegiosanpelayo.es\/en\/wp-json\/wp\/v2\/users\/1"}],"replies":[{"embeddable":true,"href":"https:\/\/www.colegiosanpelayo.es\/en\/wp-json\/wp\/v2\/comments?post=2001"}],"version-history":[{"count":1,"href":"https:\/\/www.colegiosanpelayo.es\/en\/wp-json\/wp\/v2\/posts\/2001\/revisions"}],"predecessor-version":[{"id":2003,"href":"https:\/\/www.colegiosanpelayo.es\/en\/wp-json\/wp\/v2\/posts\/2001\/revisions\/2003"}],"wp:featuredmedia":[{"embeddable":true,"href":"https:\/\/www.colegiosanpelayo.es\/en\/wp-json\/wp\/v2\/media\/2002"}],"wp:attachment":[{"href":"https:\/\/www.colegiosanpelayo.es\/en\/wp-json\/wp\/v2\/media?parent=2001"}],"wp:term":[{"taxonomy":"category","embeddable":true,"href":"https:\/\/www.colegiosanpelayo.es\/en\/wp-json\/wp\/v2\/categories?post=2001"},{"taxonomy":"post_tag","embeddable":true,"href":"https:\/\/www.colegiosanpelayo.es\/en\/wp-json\/wp\/v2\/tags?post=2001"}],"curies":[{"name":"wp","href":"https:\/\/api.w.org\/{rel}","templated":true}]}}