{"id":1602,"date":"2017-05-17T14:14:47","date_gmt":"2017-05-17T12:14:47","guid":{"rendered":"https:\/\/the7.io\/corporate\/?p=1"},"modified":"2019-09-09T19:25:44","modified_gmt":"2019-09-09T17:25:44","slug":"curso19-20","status":"publish","type":"post","link":"https:\/\/www.colegiosanpelayo.es\/eu\/curso19-20\/","title":{"rendered":"Curso 19\/20"},"content":{"rendered":"<p>El curso comenzar\u00e1 el d\u00eda 9 de septiembre, en horario de 10 a 12 de la ma\u00f1ana, <strong>para todo el alumnado de E. Primaria, Secundaria y Bachillerato, excepto E.Infantil que entrar\u00e1 a las 10.15h.<\/strong><\/p>\n<p><strong>El alumnado de E. Infantil 2 a\u00f1os, iniciar\u00e1 el curso el mi\u00e9rcoles 4 de septiembre en el edificio de la calle San Isidro, en horario de 9:30 a 12:30.<\/strong><\/p>\n<p>Hasta el 20 de Septiembre tendremos horario intensivo (s\u00f3lo clase de ma\u00f1ana), lo que significa que en E. Infantil, E. Primaria y E.S.O. <strong>saldr\u00e1n a las 13:00 horas.<\/strong><\/p>\n<p>A partir del d\u00eda 23 se inicia el horario habitual de ma\u00f1ana y tarde, salvo el viernes 27 que tendr\u00e1n jornada de ma\u00f1ana, hasta las 12.30 y 13.00, en funci\u00f3n de las etapas. Os recordamos que como el curso pasado, el alumnado de secundaria no tendr\u00e1 clases lectivas los mi\u00e9rcoles por la tarde, pero <strong>el colegio permanecer\u00e1 abierto<\/strong> ofreciendo diferentes actividades.<\/p>\n<p>Bachillerato comenzar\u00e1 el d\u00eda 9 de Septiembre con la presentaci\u00f3n (de 10 h a 12h) y a partir del d\u00eda 10 continuar\u00e1n con su horario normal.<\/p>\n<p><strong>A partir del d\u00eda 10 comenzar\u00e1n los siguientes servicios:<\/strong><\/p>\n<p>&#8211; Transporte escolar:<\/p>\n<p>El alumnado de Primaria y educaci\u00f3n infantil 5 a\u00f1os tendr\u00e1 el siguiente horario de subida: en las paradas de Bizkaibus de San Lorenzo (8,27 h), San Antonio (8,30), Avenida Bizkaia ,bar Paco ( 8,33h) , Sexto Centenario, frente a Farma Berri ( 8,36) y Zubiaurre, La Cantera (8,39h.)<\/p>\n<p>El alumnado de Educaci\u00f3n infantil, 3 y 4 a\u00f1os, en las mismas paradas a partir de las 8,50 comenzando en San Lorenzo y continuando de forma correlativa en el resto de paradas.<\/p>\n<p>&#8211; Comedor escolar: Hemos aprovechado las vacaciones estivales para realizar reformas en la cocina y en el comedor, as\u00ed como para modificar el sistema de comidas que, a partir de este a\u00f1o, se elaborar\u00e1n en el propio centro. Esperamos que este cambio sea de vuestro agrado.<\/p>\n<p>Durante las jornadas intensivas las familias podr\u00e1n recoger al alumnado a las 14.30h.<\/p>\n<p>El material que hay\u00e1is encargado a trav\u00e9s de la A.M.P.A. los entregar\u00e1 el profesor\/a tutor\/a a los alumnos\/as en los primeros d\u00edas de clase.<\/p>\n","protected":false},"excerpt":{"rendered":"<p>Amet ipsum id sem quis mauris porttitor conse quat id vitae dolor. Phasellus ligula velit molestie rhoncus ullamcorper mauris ultricies mi at pharetra lorem.<\/p>\n","protected":false},"author":1,"featured_media":1865,"comment_status":"open","ping_status":"open","sticky":false,"template":"","format":"standard","meta":[],"categories":[20],"tags":[19],"yoast_head":"<!-- This site is optimized with the Yoast SEO plugin v21.0 - https:\/\/yoast.com\/wordpress\/plugins\/seo\/ -->\n<title>Curso 19\/20 - Colegio San Pelayo Ikastetxea<\/title>\n<meta name=\"robots\" content=\"index, follow, max-snippet:-1, max-image-preview:large, max-video-preview:-1\" \/>\n<link rel=\"canonical\" href=\"https:\/\/www.colegiosanpelayo.es\/curso19-20\/\" \/>\n<meta property=\"og:locale\" content=\"en_US\" \/>\n<meta property=\"og:type\" content=\"article\" \/>\n<meta property=\"og:title\" content=\"Curso 19\/20 - Colegio San Pelayo Ikastetxea\" \/>\n<meta property=\"og:description\" content=\"Amet ipsum id sem quis mauris porttitor conse quat id vitae dolor. Phasellus ligula velit molestie rhoncus ullamcorper mauris ultricies mi at pharetra lorem.\" \/>\n<meta property=\"og:url\" content=\"https:\/\/www.colegiosanpelayo.es\/curso19-20\/\" \/>\n<meta property=\"og:site_name\" content=\"Colegio San Pelayo Ikastetxea\" \/>\n<meta property=\"article:published_time\" content=\"2017-05-17T12:14:47+00:00\" \/>\n<meta property=\"article:modified_time\" content=\"2019-09-09T17:25:44+00:00\" \/>\n<meta property=\"og:image\" content=\"https:\/\/www.colegiosanpelayo.es\/wp-content\/uploads\/2019\/09\/469765_180758072037173_586702286_o.jpg\" \/>\n\t<meta property=\"og:image:width\" content=\"2048\" \/>\n\t<meta property=\"og:image:height\" content=\"1310\" \/>\n\t<meta property=\"og:image:type\" content=\"image\/jpeg\" \/>\n<meta name=\"author\" content=\"hgadmin\" \/>\n<meta name=\"twitter:card\" content=\"summary_large_image\" \/>\n<meta name=\"twitter:label1\" content=\"Written by\" \/>\n\t<meta name=\"twitter:data1\" content=\"hgadmin\" \/>\n\t<meta name=\"twitter:label2\" content=\"Est. reading time\" \/>\n\t<meta name=\"twitter:data2\" content=\"2 minutua\" \/>\n<script type=\"application\/ld+json\" class=\"yoast-schema-graph\">{\"@context\":\"https:\/\/schema.org\",\"@graph\":[{\"@type\":\"WebPage\",\"@id\":\"https:\/\/www.colegiosanpelayo.es\/curso19-20\/\",\"url\":\"https:\/\/www.colegiosanpelayo.es\/curso19-20\/\",\"name\":\"Curso 19\/20 - Colegio San Pelayo Ikastetxea\",\"isPartOf\":{\"@id\":\"https:\/\/www.colegiosanpelayo.es\/#website\"},\"datePublished\":\"2017-05-17T12:14:47+00:00\",\"dateModified\":\"2019-09-09T17:25:44+00:00\",\"author\":{\"@id\":\"https:\/\/www.colegiosanpelayo.es\/#\/schema\/person\/3f50db290b110ecfbfff36a08ddd3be1\"},\"breadcrumb\":{\"@id\":\"https:\/\/www.colegiosanpelayo.es\/curso19-20\/#breadcrumb\"},\"inLanguage\":\"eu\",\"potentialAction\":[{\"@type\":\"ReadAction\",\"target\":[\"https:\/\/www.colegiosanpelayo.es\/curso19-20\/\"]}]},{\"@type\":\"BreadcrumbList\",\"@id\":\"https:\/\/www.colegiosanpelayo.es\/curso19-20\/#breadcrumb\",\"itemListElement\":[{\"@type\":\"ListItem\",\"position\":1,\"name\":\"Portada\",\"item\":\"https:\/\/www.colegiosanpelayo.es\/\"},{\"@type\":\"ListItem\",\"position\":2,\"name\":\"Curso 19\/20\"}]},{\"@type\":\"WebSite\",\"@id\":\"https:\/\/www.colegiosanpelayo.es\/#website\",\"url\":\"https:\/\/www.colegiosanpelayo.es\/\",\"name\":\"Colegio San Pelayo Ikastetxea\",\"description\":\"Aprendizaje Ubicuo y Personalizado\",\"potentialAction\":[{\"@type\":\"SearchAction\",\"target\":{\"@type\":\"EntryPoint\",\"urlTemplate\":\"https:\/\/www.colegiosanpelayo.es\/?s={search_term_string}\"},\"query-input\":\"required name=search_term_string\"}],\"inLanguage\":\"eu\"},{\"@type\":\"Person\",\"@id\":\"https:\/\/www.colegiosanpelayo.es\/#\/schema\/person\/3f50db290b110ecfbfff36a08ddd3be1\",\"name\":\"hgadmin\",\"image\":{\"@type\":\"ImageObject\",\"inLanguage\":\"eu\",\"@id\":\"https:\/\/www.colegiosanpelayo.es\/#\/schema\/person\/image\/\",\"url\":\"https:\/\/secure.gravatar.com\/avatar\/5763a2d733eec891642a115e8f13581f?s=96&d=mm&r=g\",\"contentUrl\":\"https:\/\/secure.gravatar.com\/avatar\/5763a2d733eec891642a115e8f13581f?s=96&d=mm&r=g\",\"caption\":\"hgadmin\"},\"url\":\"https:\/\/www.colegiosanpelayo.es\/eu\/author\/hguser\/\"}]}<\/script>\n<!-- \/ Yoast SEO plugin. -->","yoast_head_json":{"title":"Curso 19\/20 - Colegio San Pelayo Ikastetxea","robots":{"index":"index","follow":"follow","max-snippet":"max-snippet:-1","max-image-preview":"max-image-preview:large","max-video-preview":"max-video-preview:-1"},"canonical":"https:\/\/www.colegiosanpelayo.es\/curso19-20\/","og_locale":"en_US","og_type":"article","og_title":"Curso 19\/20 - Colegio San Pelayo Ikastetxea","og_description":"Amet ipsum id sem quis mauris porttitor conse quat id vitae dolor. Phasellus ligula velit molestie rhoncus ullamcorper mauris ultricies mi at pharetra lorem.","og_url":"https:\/\/www.colegiosanpelayo.es\/curso19-20\/","og_site_name":"Colegio San Pelayo Ikastetxea","article_published_time":"2017-05-17T12:14:47+00:00","article_modified_time":"2019-09-09T17:25:44+00:00","og_image":[{"width":2048,"height":1310,"url":"https:\/\/www.colegiosanpelayo.es\/wp-content\/uploads\/2019\/09\/469765_180758072037173_586702286_o.jpg","type":"image\/jpeg"}],"author":"hgadmin","twitter_card":"summary_large_image","twitter_misc":{"Written by":"hgadmin","Est. reading time":"2 minutua"},"schema":{"@context":"https:\/\/schema.org","@graph":[{"@type":"WebPage","@id":"https:\/\/www.colegiosanpelayo.es\/curso19-20\/","url":"https:\/\/www.colegiosanpelayo.es\/curso19-20\/","name":"Curso 19\/20 - Colegio San Pelayo Ikastetxea","isPartOf":{"@id":"https:\/\/www.colegiosanpelayo.es\/#website"},"datePublished":"2017-05-17T12:14:47+00:00","dateModified":"2019-09-09T17:25:44+00:00","author":{"@id":"https:\/\/www.colegiosanpelayo.es\/#\/schema\/person\/3f50db290b110ecfbfff36a08ddd3be1"},"breadcrumb":{"@id":"https:\/\/www.colegiosanpelayo.es\/curso19-20\/#breadcrumb"},"inLanguage":"eu","potentialAction":[{"@type":"ReadAction","target":["https:\/\/www.colegiosanpelayo.es\/curso19-20\/"]}]},{"@type":"BreadcrumbList","@id":"https:\/\/www.colegiosanpelayo.es\/curso19-20\/#breadcrumb","itemListElement":[{"@type":"ListItem","position":1,"name":"Portada","item":"https:\/\/www.colegiosanpelayo.es\/"},{"@type":"ListItem","position":2,"name":"Curso 19\/20"}]},{"@type":"WebSite","@id":"https:\/\/www.colegiosanpelayo.es\/#website","url":"https:\/\/www.colegiosanpelayo.es\/","name":"Colegio San Pelayo Ikastetxea","description":"Aprendizaje Ubicuo y Personalizado","potentialAction":[{"@type":"SearchAction","target":{"@type":"EntryPoint","urlTemplate":"https:\/\/www.colegiosanpelayo.es\/?s={search_term_string}"},"query-input":"required name=search_term_string"}],"inLanguage":"eu"},{"@type":"Person","@id":"https:\/\/www.colegiosanpelayo.es\/#\/schema\/person\/3f50db290b110ecfbfff36a08ddd3be1","name":"hgadmin","image":{"@type":"ImageObject","inLanguage":"eu","@id":"https:\/\/www.colegiosanpelayo.es\/#\/schema\/person\/image\/","url":"https:\/\/secure.gravatar.com\/avatar\/5763a2d733eec891642a115e8f13581f?s=96&d=mm&r=g","contentUrl":"https:\/\/secure.gravatar.com\/avatar\/5763a2d733eec891642a115e8f13581f?s=96&d=mm&r=g","caption":"hgadmin"},"url":"https:\/\/www.colegiosanpelayo.es\/eu\/author\/hguser\/"}]}},"jetpack_featured_media_url":"https:\/\/www.colegiosanpelayo.es\/wp-content\/uploads\/2019\/09\/469765_180758072037173_586702286_o.jpg","_links":{"self":[{"href":"https:\/\/www.colegiosanpelayo.es\/eu\/wp-json\/wp\/v2\/posts\/1602"}],"collection":[{"href":"https:\/\/www.colegiosanpelayo.es\/eu\/wp-json\/wp\/v2\/posts"}],"about":[{"href":"https:\/\/www.colegiosanpelayo.es\/eu\/wp-json\/wp\/v2\/types\/post"}],"author":[{"embeddable":true,"href":"https:\/\/www.colegiosanpelayo.es\/eu\/wp-json\/wp\/v2\/users\/1"}],"replies":[{"embeddable":true,"href":"https:\/\/www.colegiosanpelayo.es\/eu\/wp-json\/wp\/v2\/comments?post=1602"}],"version-history":[{"count":2,"href":"https:\/\/www.colegiosanpelayo.es\/eu\/wp-json\/wp\/v2\/posts\/1602\/revisions"}],"predecessor-version":[{"id":1868,"href":"https:\/\/www.colegiosanpelayo.es\/eu\/wp-json\/wp\/v2\/posts\/1602\/revisions\/1868"}],"wp:featuredmedia":[{"embeddable":true,"href":"https:\/\/www.colegiosanpelayo.es\/eu\/wp-json\/wp\/v2\/media\/1865"}],"wp:attachment":[{"href":"https:\/\/www.colegiosanpelayo.es\/eu\/wp-json\/wp\/v2\/media?parent=1602"}],"wp:term":[{"taxonomy":"category","embeddable":true,"href":"https:\/\/www.colegiosanpelayo.es\/eu\/wp-json\/wp\/v2\/categories?post=1602"},{"taxonomy":"post_tag","embeddable":true,"href":"https:\/\/www.colegiosanpelayo.es\/eu\/wp-json\/wp\/v2\/tags?post=1602"}],"curies":[{"name":"wp","href":"https:\/\/api.w.org\/{rel}","templated":true}]}}