{"id":1996,"date":"2019-06-10T19:36:28","date_gmt":"2019-06-10T17:36:28","guid":{"rendered":"https:\/\/www.pruebas.hgdevelopers.com\/?p=1996"},"modified":"2019-10-02T13:33:45","modified_gmt":"2019-10-02T11:33:45","slug":"progama-fin-curso","status":"publish","type":"post","link":"https:\/\/www.colegiosanpelayo.es\/eu\/progama-fin-curso\/","title":{"rendered":"Programa fin de curso"},"content":{"rendered":"<p><strong>18 de Junio:<\/strong> Festival de E. Infantil a las 18:00 y Festival de E. Primaria a las 19:00.<\/p>\n<p><em>* Para el Festival de Infantil se repartir\u00e1n 4 entradas por familia y para el de Primaria 2 entradas. El tutor\/a las repartir\u00e1 a los alumnos\/as.<\/em><\/p>\n<p><strong>19 de Junio:<\/strong> EXCURSIONES, salidas desde LA B\u00c1SCULA.<\/p>\n<p>&#8211; <em>E. Infantil:<\/em> Salida a las 10:00 a los Chorros de Markina regreso: aprox.16:30.<\/p>\n<p>&#8211; <em>1\u00ba y 2\u00ba E. primaria:<\/em> Salida a las 9:45 a DEBA en tren. Regreso: aprox.16:30.<\/p>\n<p>&#8211; <em>3\u00ba y 4\u00ba E. Primaria:<\/em> 9:30h salida al parque de Basondo, regreso: aprox. 17:00.<\/p>\n<p>&#8211; <em>5\u00ba y 6\u00ba E. Primaria:<\/em> 9:00 salida San Juan de Gaztelugatxe, regreso: aprox.1700.<\/p>\n<p>&#8211; <em>ESO y Bachillerato:<\/em> 8:15 Curso de Surf en Zarautz (salida desde el colegio) y a las 19:00 La Fiesta de despedida en el cole.<\/p>\n<p><strong>20 de Junio:<\/strong> D\u00eda del deporte por la ma\u00f1ana y a las 19.00h de la tarde el tradicional partido de f\u00fatbol entre alumnos\/as de 4\u00ba E.S.O. y ex-alumnos\/as, familias y profesorado.<\/p>\n<p><strong>21 de Junio:<\/strong> TALLERES<\/p>\n","protected":false},"excerpt":{"rendered":"<p>18 de Junio: Festival de E. Infantil a las 18:00 y Festival de E. Primaria a las 19:00. * Para el Festival de Infantil se repartir\u00e1n 4 entradas por familia y para el de Primaria 2 entradas. El tutor\/a las repartir\u00e1 a los alumnos\/as. 19 de Junio: EXCURSIONES, salidas desde LA B\u00c1SCULA. &#8211; E. Infantil:&hellip;<\/p>\n","protected":false},"author":1,"featured_media":1997,"comment_status":"open","ping_status":"open","sticky":false,"template":"","format":"standard","meta":[],"categories":[20],"tags":[],"yoast_head":"<!-- This site is optimized with the Yoast SEO plugin v21.0 - https:\/\/yoast.com\/wordpress\/plugins\/seo\/ -->\n<title>Programa fin de curso - Colegio San Pelayo Ikastetxea<\/title>\n<meta name=\"robots\" content=\"index, follow, max-snippet:-1, max-image-preview:large, max-video-preview:-1\" \/>\n<link rel=\"canonical\" href=\"https:\/\/www.colegiosanpelayo.es\/progama-fin-curso\/\" \/>\n<meta property=\"og:locale\" content=\"en_US\" \/>\n<meta property=\"og:type\" content=\"article\" \/>\n<meta property=\"og:title\" content=\"Programa fin de curso - Colegio San Pelayo Ikastetxea\" \/>\n<meta property=\"og:description\" content=\"18 de Junio: Festival de E. Infantil a las 18:00 y Festival de E. Primaria a las 19:00. * Para el Festival de Infantil se repartir\u00e1n 4 entradas por familia y para el de Primaria 2 entradas. El tutor\/a las repartir\u00e1 a los alumnos\/as. 19 de Junio: EXCURSIONES, salidas desde LA B\u00c1SCULA. &#8211; E. Infantil:&hellip;\" \/>\n<meta property=\"og:url\" content=\"https:\/\/www.colegiosanpelayo.es\/progama-fin-curso\/\" \/>\n<meta property=\"og:site_name\" content=\"Colegio San Pelayo Ikastetxea\" \/>\n<meta property=\"article:published_time\" content=\"2019-06-10T17:36:28+00:00\" \/>\n<meta property=\"article:modified_time\" content=\"2019-10-02T11:33:45+00:00\" \/>\n<meta property=\"og:image\" content=\"https:\/\/www.colegiosanpelayo.es\/wp-content\/uploads\/2019\/09\/findecurso.jpg\" \/>\n\t<meta property=\"og:image:width\" content=\"480\" \/>\n\t<meta property=\"og:image:height\" content=\"248\" \/>\n\t<meta property=\"og:image:type\" content=\"image\/jpeg\" \/>\n<meta name=\"author\" content=\"hgadmin\" \/>\n<meta name=\"twitter:card\" content=\"summary_large_image\" \/>\n<meta name=\"twitter:label1\" content=\"Written by\" \/>\n\t<meta name=\"twitter:data1\" content=\"hgadmin\" \/>\n\t<meta name=\"twitter:label2\" content=\"Est. reading time\" \/>\n\t<meta name=\"twitter:data2\" content=\"1 minutua\" \/>\n<script type=\"application\/ld+json\" class=\"yoast-schema-graph\">{\"@context\":\"https:\/\/schema.org\",\"@graph\":[{\"@type\":\"WebPage\",\"@id\":\"https:\/\/www.colegiosanpelayo.es\/progama-fin-curso\/\",\"url\":\"https:\/\/www.colegiosanpelayo.es\/progama-fin-curso\/\",\"name\":\"Programa fin de curso - Colegio San Pelayo Ikastetxea\",\"isPartOf\":{\"@id\":\"https:\/\/www.colegiosanpelayo.es\/#website\"},\"datePublished\":\"2019-06-10T17:36:28+00:00\",\"dateModified\":\"2019-10-02T11:33:45+00:00\",\"author\":{\"@id\":\"https:\/\/www.colegiosanpelayo.es\/#\/schema\/person\/3f50db290b110ecfbfff36a08ddd3be1\"},\"breadcrumb\":{\"@id\":\"https:\/\/www.colegiosanpelayo.es\/progama-fin-curso\/#breadcrumb\"},\"inLanguage\":\"eu\",\"potentialAction\":[{\"@type\":\"ReadAction\",\"target\":[\"https:\/\/www.colegiosanpelayo.es\/progama-fin-curso\/\"]}]},{\"@type\":\"BreadcrumbList\",\"@id\":\"https:\/\/www.colegiosanpelayo.es\/progama-fin-curso\/#breadcrumb\",\"itemListElement\":[{\"@type\":\"ListItem\",\"position\":1,\"name\":\"Portada\",\"item\":\"https:\/\/www.colegiosanpelayo.es\/\"},{\"@type\":\"ListItem\",\"position\":2,\"name\":\"Programa fin de curso\"}]},{\"@type\":\"WebSite\",\"@id\":\"https:\/\/www.colegiosanpelayo.es\/#website\",\"url\":\"https:\/\/www.colegiosanpelayo.es\/\",\"name\":\"Colegio San Pelayo Ikastetxea\",\"description\":\"Aprendizaje Ubicuo y Personalizado\",\"potentialAction\":[{\"@type\":\"SearchAction\",\"target\":{\"@type\":\"EntryPoint\",\"urlTemplate\":\"https:\/\/www.colegiosanpelayo.es\/?s={search_term_string}\"},\"query-input\":\"required name=search_term_string\"}],\"inLanguage\":\"eu\"},{\"@type\":\"Person\",\"@id\":\"https:\/\/www.colegiosanpelayo.es\/#\/schema\/person\/3f50db290b110ecfbfff36a08ddd3be1\",\"name\":\"hgadmin\",\"image\":{\"@type\":\"ImageObject\",\"inLanguage\":\"eu\",\"@id\":\"https:\/\/www.colegiosanpelayo.es\/#\/schema\/person\/image\/\",\"url\":\"https:\/\/secure.gravatar.com\/avatar\/5763a2d733eec891642a115e8f13581f?s=96&d=mm&r=g\",\"contentUrl\":\"https:\/\/secure.gravatar.com\/avatar\/5763a2d733eec891642a115e8f13581f?s=96&d=mm&r=g\",\"caption\":\"hgadmin\"},\"url\":\"https:\/\/www.colegiosanpelayo.es\/eu\/author\/hguser\/\"}]}<\/script>\n<!-- \/ Yoast SEO plugin. -->","yoast_head_json":{"title":"Programa fin de curso - Colegio San Pelayo Ikastetxea","robots":{"index":"index","follow":"follow","max-snippet":"max-snippet:-1","max-image-preview":"max-image-preview:large","max-video-preview":"max-video-preview:-1"},"canonical":"https:\/\/www.colegiosanpelayo.es\/progama-fin-curso\/","og_locale":"en_US","og_type":"article","og_title":"Programa fin de curso - Colegio San Pelayo Ikastetxea","og_description":"18 de Junio: Festival de E. Infantil a las 18:00 y Festival de E. Primaria a las 19:00. * Para el Festival de Infantil se repartir\u00e1n 4 entradas por familia y para el de Primaria 2 entradas. El tutor\/a las repartir\u00e1 a los alumnos\/as. 19 de Junio: EXCURSIONES, salidas desde LA B\u00c1SCULA. &#8211; E. Infantil:&hellip;","og_url":"https:\/\/www.colegiosanpelayo.es\/progama-fin-curso\/","og_site_name":"Colegio San Pelayo Ikastetxea","article_published_time":"2019-06-10T17:36:28+00:00","article_modified_time":"2019-10-02T11:33:45+00:00","og_image":[{"width":480,"height":248,"url":"https:\/\/www.colegiosanpelayo.es\/wp-content\/uploads\/2019\/09\/findecurso.jpg","type":"image\/jpeg"}],"author":"hgadmin","twitter_card":"summary_large_image","twitter_misc":{"Written by":"hgadmin","Est. reading time":"1 minutua"},"schema":{"@context":"https:\/\/schema.org","@graph":[{"@type":"WebPage","@id":"https:\/\/www.colegiosanpelayo.es\/progama-fin-curso\/","url":"https:\/\/www.colegiosanpelayo.es\/progama-fin-curso\/","name":"Programa fin de curso - Colegio San Pelayo Ikastetxea","isPartOf":{"@id":"https:\/\/www.colegiosanpelayo.es\/#website"},"datePublished":"2019-06-10T17:36:28+00:00","dateModified":"2019-10-02T11:33:45+00:00","author":{"@id":"https:\/\/www.colegiosanpelayo.es\/#\/schema\/person\/3f50db290b110ecfbfff36a08ddd3be1"},"breadcrumb":{"@id":"https:\/\/www.colegiosanpelayo.es\/progama-fin-curso\/#breadcrumb"},"inLanguage":"eu","potentialAction":[{"@type":"ReadAction","target":["https:\/\/www.colegiosanpelayo.es\/progama-fin-curso\/"]}]},{"@type":"BreadcrumbList","@id":"https:\/\/www.colegiosanpelayo.es\/progama-fin-curso\/#breadcrumb","itemListElement":[{"@type":"ListItem","position":1,"name":"Portada","item":"https:\/\/www.colegiosanpelayo.es\/"},{"@type":"ListItem","position":2,"name":"Programa fin de curso"}]},{"@type":"WebSite","@id":"https:\/\/www.colegiosanpelayo.es\/#website","url":"https:\/\/www.colegiosanpelayo.es\/","name":"Colegio San Pelayo Ikastetxea","description":"Aprendizaje Ubicuo y Personalizado","potentialAction":[{"@type":"SearchAction","target":{"@type":"EntryPoint","urlTemplate":"https:\/\/www.colegiosanpelayo.es\/?s={search_term_string}"},"query-input":"required name=search_term_string"}],"inLanguage":"eu"},{"@type":"Person","@id":"https:\/\/www.colegiosanpelayo.es\/#\/schema\/person\/3f50db290b110ecfbfff36a08ddd3be1","name":"hgadmin","image":{"@type":"ImageObject","inLanguage":"eu","@id":"https:\/\/www.colegiosanpelayo.es\/#\/schema\/person\/image\/","url":"https:\/\/secure.gravatar.com\/avatar\/5763a2d733eec891642a115e8f13581f?s=96&d=mm&r=g","contentUrl":"https:\/\/secure.gravatar.com\/avatar\/5763a2d733eec891642a115e8f13581f?s=96&d=mm&r=g","caption":"hgadmin"},"url":"https:\/\/www.colegiosanpelayo.es\/eu\/author\/hguser\/"}]}},"jetpack_featured_media_url":"https:\/\/www.colegiosanpelayo.es\/wp-content\/uploads\/2019\/09\/findecurso.jpg","_links":{"self":[{"href":"https:\/\/www.colegiosanpelayo.es\/eu\/wp-json\/wp\/v2\/posts\/1996"}],"collection":[{"href":"https:\/\/www.colegiosanpelayo.es\/eu\/wp-json\/wp\/v2\/posts"}],"about":[{"href":"https:\/\/www.colegiosanpelayo.es\/eu\/wp-json\/wp\/v2\/types\/post"}],"author":[{"embeddable":true,"href":"https:\/\/www.colegiosanpelayo.es\/eu\/wp-json\/wp\/v2\/users\/1"}],"replies":[{"embeddable":true,"href":"https:\/\/www.colegiosanpelayo.es\/eu\/wp-json\/wp\/v2\/comments?post=1996"}],"version-history":[{"count":3,"href":"https:\/\/www.colegiosanpelayo.es\/eu\/wp-json\/wp\/v2\/posts\/1996\/revisions"}],"predecessor-version":[{"id":2000,"href":"https:\/\/www.colegiosanpelayo.es\/eu\/wp-json\/wp\/v2\/posts\/1996\/revisions\/2000"}],"wp:featuredmedia":[{"embeddable":true,"href":"https:\/\/www.colegiosanpelayo.es\/eu\/wp-json\/wp\/v2\/media\/1997"}],"wp:attachment":[{"href":"https:\/\/www.colegiosanpelayo.es\/eu\/wp-json\/wp\/v2\/media?parent=1996"}],"wp:term":[{"taxonomy":"category","embeddable":true,"href":"https:\/\/www.colegiosanpelayo.es\/eu\/wp-json\/wp\/v2\/categories?post=1996"},{"taxonomy":"post_tag","embeddable":true,"href":"https:\/\/www.colegiosanpelayo.es\/eu\/wp-json\/wp\/v2\/tags?post=1996"}],"curies":[{"name":"wp","href":"https:\/\/api.w.org\/{rel}","templated":true}]}}