{"id":8094,"date":"2025-10-27T16:23:20","date_gmt":"2025-10-27T15:23:20","guid":{"rendered":"https:\/\/www.colegiosanpelayo.es\/?p=8094"},"modified":"2025-10-27T16:25:12","modified_gmt":"2025-10-27T15:25:12","slug":"colaboracion-con-la-asociacion-micologica","status":"publish","type":"post","link":"https:\/\/www.colegiosanpelayo.es\/eu\/colaboracion-con-la-asociacion-micologica\/","title":{"rendered":"Elkarlana Elkarte Mikologikoarekin"},"content":{"rendered":"<p><\/p>\n<p data-start=\"159\" data-end=\"506\">Aurten ere, gure <strong data-start=\"176\" data-end=\"217\">Lehen Hezkuntzako 5. mailako ikasleek<\/strong> <strong data-start=\"218\" data-end=\"246\">Elkarte Mikologikoarekin<\/strong> elkarlanean aritu dira, <strong data-start=\"271\" data-end=\"309\">inguruko onddoei buruzko mural bat<\/strong> eginez.<br data-start=\"317\" data-end=\"320\" \/>Azken asteetan zehar, ikasleek <strong data-start=\"351\" data-end=\"411\">espezie ezberdinei buruzko informazioa eta irudiak bildu<\/strong> dituzte, eta ondoren <strong data-start=\"433\" data-end=\"462\">gelan partekatze-saio bat<\/strong> egin dute ikasitakoa elkarrekin lantzeko.<\/p>\n<p data-start=\"508\" data-end=\"686\">Lan guztien emaitza <strong data-start=\"528\" data-end=\"560\">mural koloretsu eta aberatsa<\/strong> izan da, eta hori <strong data-start=\"579\" data-end=\"607\">azaroaren 26an, igandean<\/strong>, herriko plazan jarri zen ikusgai, herriko beste ikastetxeen lanekin batera.<\/p>\n<p data-start=\"688\" data-end=\"951\">Gure ikasleak <strong data-start=\"702\" data-end=\"754\">egindako lanagatik eta erakutsitako ilusioagatik<\/strong> zoriondu nahi ditugu, eta pozik gaude, <strong data-start=\"794\" data-end=\"824\">parte-hartzeagatik trofeoa<\/strong> jaso baitzuten ekimen polit honetan, naturarekin eta mikologiaren munduarekin hurbiltzeko aukera paregabea izan den honetan.<\/p>\n<p><\/p>","protected":false},"excerpt":{"rendered":"<p>Aurten ere, gure Lehen Hezkuntzako 5. mailako ikasleek Elkarte Mikologikoarekin elkarlanean aritu dira, inguruko onddoei buruzko mural bat eginez.Azken asteetan zehar, ikasleek espezie ezberdinei buruzko informazioa eta irudiak bildu dituzte, eta ondoren gelan partekatze-saio bat egin dute ikasitakoa elkarrekin lantzeko. Lan guztien emaitza mural koloretsu eta aberatsa izan da, eta hori azaroaren 26an, igandean, herriko&hellip;<\/p>\n","protected":false},"author":4,"featured_media":8095,"comment_status":"closed","ping_status":"open","sticky":false,"template":"","format":"standard","meta":[],"categories":[20],"tags":[],"yoast_head":"<!-- This site is optimized with the Yoast SEO plugin v21.0 - https:\/\/yoast.com\/wordpress\/plugins\/seo\/ -->\n<title>Elkarlana Elkarte Mikologikoarekin - Colegio San Pelayo Ikastetxea<\/title>\n<meta name=\"robots\" content=\"index, follow, max-snippet:-1, max-image-preview:large, max-video-preview:-1\" \/>\n<link rel=\"canonical\" href=\"https:\/\/www.colegiosanpelayo.es\/colaboracion-con-la-asociacion-micologica\/\" \/>\n<meta property=\"og:locale\" content=\"en_US\" \/>\n<meta property=\"og:type\" content=\"article\" \/>\n<meta property=\"og:title\" content=\"[:es]Colaboraci\u00f3n con la Asociaci\u00f3n Micol\u00f3gica[:eu]Elkarlana Elkarte Mikologikoarekin[:] - Colegio San Pelayo Ikastetxea\" \/>\n<meta property=\"og:description\" content=\"Aurten ere, gure Lehen Hezkuntzako 5. mailako ikasleek Elkarte Mikologikoarekin elkarlanean aritu dira, inguruko onddoei buruzko mural bat eginez.Azken asteetan zehar, ikasleek espezie ezberdinei buruzko informazioa eta irudiak bildu dituzte, eta ondoren gelan partekatze-saio bat egin dute ikasitakoa elkarrekin lantzeko. Lan guztien emaitza mural koloretsu eta aberatsa izan da, eta hori azaroaren 26an, igandean, herriko&hellip;\" \/>\n<meta property=\"og:url\" content=\"https:\/\/www.colegiosanpelayo.es\/colaboracion-con-la-asociacion-micologica\/\" \/>\n<meta property=\"og:site_name\" content=\"Colegio San Pelayo Ikastetxea\" \/>\n<meta property=\"article:published_time\" content=\"2025-10-27T15:23:20+00:00\" \/>\n<meta property=\"article:modified_time\" content=\"2025-10-27T15:25:12+00:00\" \/>\n<meta property=\"og:image\" content=\"https:\/\/www.colegiosanpelayo.es\/wp-content\/uploads\/2025\/10\/setas-5o-epc.jpg\" \/>\n\t<meta property=\"og:image:width\" content=\"1440\" \/>\n\t<meta property=\"og:image:height\" content=\"1080\" \/>\n\t<meta property=\"og:image:type\" content=\"image\/jpeg\" \/>\n<meta name=\"author\" content=\"Direccion\" \/>\n<meta name=\"twitter:card\" content=\"summary_large_image\" \/>\n<meta name=\"twitter:label1\" content=\"Written by\" \/>\n\t<meta name=\"twitter:data1\" content=\"Direccion\" \/>\n\t<meta name=\"twitter:label2\" content=\"Est. reading time\" \/>\n\t<meta name=\"twitter:data2\" content=\"1 minutua\" \/>\n<script type=\"application\/ld+json\" class=\"yoast-schema-graph\">{\"@context\":\"https:\/\/schema.org\",\"@graph\":[{\"@type\":\"WebPage\",\"@id\":\"https:\/\/www.colegiosanpelayo.es\/colaboracion-con-la-asociacion-micologica\/\",\"url\":\"https:\/\/www.colegiosanpelayo.es\/colaboracion-con-la-asociacion-micologica\/\",\"name\":\"[:es]Colaboraci\u00f3n con la Asociaci\u00f3n Micol\u00f3gica[:eu]Elkarlana Elkarte Mikologikoarekin[:] - Colegio San Pelayo Ikastetxea\",\"isPartOf\":{\"@id\":\"https:\/\/www.colegiosanpelayo.es\/#website\"},\"datePublished\":\"2025-10-27T15:23:20+00:00\",\"dateModified\":\"2025-10-27T15:25:12+00:00\",\"author\":{\"@id\":\"https:\/\/www.colegiosanpelayo.es\/#\/schema\/person\/cc881a2f500dfb92e4b4722d2bfc15ac\"},\"breadcrumb\":{\"@id\":\"https:\/\/www.colegiosanpelayo.es\/colaboracion-con-la-asociacion-micologica\/#breadcrumb\"},\"inLanguage\":\"eu\",\"potentialAction\":[{\"@type\":\"ReadAction\",\"target\":[\"https:\/\/www.colegiosanpelayo.es\/colaboracion-con-la-asociacion-micologica\/\"]}]},{\"@type\":\"BreadcrumbList\",\"@id\":\"https:\/\/www.colegiosanpelayo.es\/colaboracion-con-la-asociacion-micologica\/#breadcrumb\",\"itemListElement\":[{\"@type\":\"ListItem\",\"position\":1,\"name\":\"Portada\",\"item\":\"https:\/\/www.colegiosanpelayo.es\/\"},{\"@type\":\"ListItem\",\"position\":2,\"name\":\"Colaboraci\u00f3n con la Asociaci\u00f3n Micol\u00f3gica\"}]},{\"@type\":\"WebSite\",\"@id\":\"https:\/\/www.colegiosanpelayo.es\/#website\",\"url\":\"https:\/\/www.colegiosanpelayo.es\/\",\"name\":\"Colegio San Pelayo Ikastetxea\",\"description\":\"Aprendizaje Ubicuo y Personalizado\",\"potentialAction\":[{\"@type\":\"SearchAction\",\"target\":{\"@type\":\"EntryPoint\",\"urlTemplate\":\"https:\/\/www.colegiosanpelayo.es\/?s={search_term_string}\"},\"query-input\":\"required name=search_term_string\"}],\"inLanguage\":\"eu\"},{\"@type\":\"Person\",\"@id\":\"https:\/\/www.colegiosanpelayo.es\/#\/schema\/person\/cc881a2f500dfb92e4b4722d2bfc15ac\",\"name\":\"Direccion\",\"image\":{\"@type\":\"ImageObject\",\"inLanguage\":\"eu\",\"@id\":\"https:\/\/www.colegiosanpelayo.es\/#\/schema\/person\/image\/\",\"url\":\"https:\/\/secure.gravatar.com\/avatar\/7b0dc716a32f7f6a26064ee0fd0a93b3?s=96&d=mm&r=g\",\"contentUrl\":\"https:\/\/secure.gravatar.com\/avatar\/7b0dc716a32f7f6a26064ee0fd0a93b3?s=96&d=mm&r=g\",\"caption\":\"Direccion\"},\"url\":\"https:\/\/www.colegiosanpelayo.es\/eu\/author\/direccion\/\"}]}<\/script>\n<!-- \/ Yoast SEO plugin. -->","yoast_head_json":{"title":"[:es]Colaboraci\u00f3n con la Asociaci\u00f3n Micol\u00f3gica[:eu]Elkarlana Elkarte Mikologikoarekin[:] - Colegio San Pelayo Ikastetxea","robots":{"index":"index","follow":"follow","max-snippet":"max-snippet:-1","max-image-preview":"max-image-preview:large","max-video-preview":"max-video-preview:-1"},"canonical":"https:\/\/www.colegiosanpelayo.es\/colaboracion-con-la-asociacion-micologica\/","og_locale":"en_US","og_type":"article","og_title":"[:es]Colaboraci\u00f3n con la Asociaci\u00f3n Micol\u00f3gica[:eu]Elkarlana Elkarte Mikologikoarekin[:] - Colegio San Pelayo Ikastetxea","og_description":"Aurten ere, gure Lehen Hezkuntzako 5. mailako ikasleek Elkarte Mikologikoarekin elkarlanean aritu dira, inguruko onddoei buruzko mural bat eginez.Azken asteetan zehar, ikasleek espezie ezberdinei buruzko informazioa eta irudiak bildu dituzte, eta ondoren gelan partekatze-saio bat egin dute ikasitakoa elkarrekin lantzeko. Lan guztien emaitza mural koloretsu eta aberatsa izan da, eta hori azaroaren 26an, igandean, herriko&hellip;","og_url":"https:\/\/www.colegiosanpelayo.es\/colaboracion-con-la-asociacion-micologica\/","og_site_name":"Colegio San Pelayo Ikastetxea","article_published_time":"2025-10-27T15:23:20+00:00","article_modified_time":"2025-10-27T15:25:12+00:00","og_image":[{"width":1440,"height":1080,"url":"https:\/\/www.colegiosanpelayo.es\/wp-content\/uploads\/2025\/10\/setas-5o-epc.jpg","type":"image\/jpeg"}],"author":"Direccion","twitter_card":"summary_large_image","twitter_misc":{"Written by":"Direccion","Est. reading time":"1 minutua"},"schema":{"@context":"https:\/\/schema.org","@graph":[{"@type":"WebPage","@id":"https:\/\/www.colegiosanpelayo.es\/colaboracion-con-la-asociacion-micologica\/","url":"https:\/\/www.colegiosanpelayo.es\/colaboracion-con-la-asociacion-micologica\/","name":"[:es]Colaboraci\u00f3n con la Asociaci\u00f3n Micol\u00f3gica[:eu]Elkarlana Elkarte Mikologikoarekin[:] - Colegio San Pelayo Ikastetxea","isPartOf":{"@id":"https:\/\/www.colegiosanpelayo.es\/#website"},"datePublished":"2025-10-27T15:23:20+00:00","dateModified":"2025-10-27T15:25:12+00:00","author":{"@id":"https:\/\/www.colegiosanpelayo.es\/#\/schema\/person\/cc881a2f500dfb92e4b4722d2bfc15ac"},"breadcrumb":{"@id":"https:\/\/www.colegiosanpelayo.es\/colaboracion-con-la-asociacion-micologica\/#breadcrumb"},"inLanguage":"eu","potentialAction":[{"@type":"ReadAction","target":["https:\/\/www.colegiosanpelayo.es\/colaboracion-con-la-asociacion-micologica\/"]}]},{"@type":"BreadcrumbList","@id":"https:\/\/www.colegiosanpelayo.es\/colaboracion-con-la-asociacion-micologica\/#breadcrumb","itemListElement":[{"@type":"ListItem","position":1,"name":"Portada","item":"https:\/\/www.colegiosanpelayo.es\/"},{"@type":"ListItem","position":2,"name":"Colaboraci\u00f3n con la Asociaci\u00f3n Micol\u00f3gica"}]},{"@type":"WebSite","@id":"https:\/\/www.colegiosanpelayo.es\/#website","url":"https:\/\/www.colegiosanpelayo.es\/","name":"Colegio San Pelayo Ikastetxea","description":"Aprendizaje Ubicuo y Personalizado","potentialAction":[{"@type":"SearchAction","target":{"@type":"EntryPoint","urlTemplate":"https:\/\/www.colegiosanpelayo.es\/?s={search_term_string}"},"query-input":"required name=search_term_string"}],"inLanguage":"eu"},{"@type":"Person","@id":"https:\/\/www.colegiosanpelayo.es\/#\/schema\/person\/cc881a2f500dfb92e4b4722d2bfc15ac","name":"Direccion","image":{"@type":"ImageObject","inLanguage":"eu","@id":"https:\/\/www.colegiosanpelayo.es\/#\/schema\/person\/image\/","url":"https:\/\/secure.gravatar.com\/avatar\/7b0dc716a32f7f6a26064ee0fd0a93b3?s=96&d=mm&r=g","contentUrl":"https:\/\/secure.gravatar.com\/avatar\/7b0dc716a32f7f6a26064ee0fd0a93b3?s=96&d=mm&r=g","caption":"Direccion"},"url":"https:\/\/www.colegiosanpelayo.es\/eu\/author\/direccion\/"}]}},"jetpack_featured_media_url":"https:\/\/www.colegiosanpelayo.es\/wp-content\/uploads\/2025\/10\/setas-5o-epc.jpg","_links":{"self":[{"href":"https:\/\/www.colegiosanpelayo.es\/eu\/wp-json\/wp\/v2\/posts\/8094"}],"collection":[{"href":"https:\/\/www.colegiosanpelayo.es\/eu\/wp-json\/wp\/v2\/posts"}],"about":[{"href":"https:\/\/www.colegiosanpelayo.es\/eu\/wp-json\/wp\/v2\/types\/post"}],"author":[{"embeddable":true,"href":"https:\/\/www.colegiosanpelayo.es\/eu\/wp-json\/wp\/v2\/users\/4"}],"replies":[{"embeddable":true,"href":"https:\/\/www.colegiosanpelayo.es\/eu\/wp-json\/wp\/v2\/comments?post=8094"}],"version-history":[{"count":1,"href":"https:\/\/www.colegiosanpelayo.es\/eu\/wp-json\/wp\/v2\/posts\/8094\/revisions"}],"predecessor-version":[{"id":8097,"href":"https:\/\/www.colegiosanpelayo.es\/eu\/wp-json\/wp\/v2\/posts\/8094\/revisions\/8097"}],"wp:featuredmedia":[{"embeddable":true,"href":"https:\/\/www.colegiosanpelayo.es\/eu\/wp-json\/wp\/v2\/media\/8095"}],"wp:attachment":[{"href":"https:\/\/www.colegiosanpelayo.es\/eu\/wp-json\/wp\/v2\/media?parent=8094"}],"wp:term":[{"taxonomy":"category","embeddable":true,"href":"https:\/\/www.colegiosanpelayo.es\/eu\/wp-json\/wp\/v2\/categories?post=8094"},{"taxonomy":"post_tag","embeddable":true,"href":"https:\/\/www.colegiosanpelayo.es\/eu\/wp-json\/wp\/v2\/tags?post=8094"}],"curies":[{"name":"wp","href":"https:\/\/api.w.org\/{rel}","templated":true}]}}